{"id":1002,"date":"2014-07-15T10:36:36","date_gmt":"2014-07-15T08:36:36","guid":{"rendered":"http:\/\/www.opt-media.net\/blog\/?p=1002"},"modified":"2022-03-28T09:41:57","modified_gmt":"2022-03-28T07:41:57","slug":"el-supremo-avala-los-salvaescaleras-como-mejoras-sustanciales","status":"publish","type":"post","link":"https:\/\/www.opt-media.net\/blog\/el-supremo-avala-los-salvaescaleras-como-mejoras-sustanciales\/","title":{"rendered":"El Supremo califica los salvaescaleras como mejoras sustanciales de accesibilidad"},"content":{"rendered":"<p>El pasado mes de junio, una sentencia del Tribunal Supremo oblig\u00f3 al due\u00f1o de un local a contribuir a los gastos derivados de instalar una <a href=\"http:\/\/www.salvaescalerasliftconfort.com\" target=\"_blank\"><strong>plataforma salvaescaleras<\/strong><\/a> en su edificio porque considera que este <strong>elevador de minusv\u00e1lidos<\/strong>\u00a0garantiza la accesibilidad y supone una mejora general para el inmueble.<\/p>\n<p>Seg\u00fan informa La Vanguardia, el Supremo\u00a0ha estimado el recurso de una comunidad de propietarios de Madrid que ped\u00eda al propietario de un local de la finca afectada que contribuyera, con arreglo a su cuota, a los gastos derivados de la instalaci\u00f3n de la plataforma elevadora para minusv\u00e1lidos\u00a0como las de <a href=\"http:\/\/www.salvaescalerasliftconfort.com\">www.salvaescalerasliftconfort.com<\/a>.<\/p>\n<p>Pese a ello, el propietario del local se negaba a pagar bas\u00e1ndose en los estatutos de la comunidad en la que se le exim\u00eda de contribuir a los gastos. No obstante, el TS ha se\u00f1alado que la\u00a0<strong>instalaci\u00f3n del elevador\u00a0<\/strong>por primera vez garantiza la accesibilidad y su pago no es eximible.<\/p>\n<p>Esta sentencia establece doctrina y supone un impulso para las reformas de accesibilidad, totalmente necesarias hoy en d\u00eda, tanto para sillas como para plataformas <strong>salvaescaleras y elevadores de corto recorrido<\/strong>, y que han cobrado gran importancia desde 2011, gracias a la <a title=\"ley propiedad horizontal\" href=\"https:\/\/www.boe.es\/buscar\/act.php?id=BOE-A-1960-10906\" target=\"_blank\" rel=\"nofollow\">Ley de Propiedad Horizontal<\/a>.<\/p>\n","protected":false},"excerpt":{"rendered":"<p>El pasado mes de junio, una sentencia del Tribunal Supremo oblig\u00f3 al due\u00f1o de un local a contribuir a los gastos derivados de instalar una plataforma salvaescaleras en su edificio porque considera que este elevador de minusv\u00e1lidos\u00a0garantiza la accesibilidad y supone una mejora general para el inmueble. Seg\u00fan informa La Vanguardia, el Supremo\u00a0ha estimado el [&hellip;]<\/p>\n","protected":false},"author":1,"featured_media":1003,"comment_status":"closed","ping_status":"closed","sticky":false,"template":"","format":"standard","meta":{"footnotes":""},"categories":[3],"tags":[],"class_list":["post-1002","post","type-post","status-publish","format-standard","has-post-thumbnail","hentry","category-noticias"],"_links":{"self":[{"href":"https:\/\/www.opt-media.net\/blog\/wp-json\/wp\/v2\/posts\/1002","targetHints":{"allow":["GET"]}}],"collection":[{"href":"https:\/\/www.opt-media.net\/blog\/wp-json\/wp\/v2\/posts"}],"about":[{"href":"https:\/\/www.opt-media.net\/blog\/wp-json\/wp\/v2\/types\/post"}],"author":[{"embeddable":true,"href":"https:\/\/www.opt-media.net\/blog\/wp-json\/wp\/v2\/users\/1"}],"replies":[{"embeddable":true,"href":"https:\/\/www.opt-media.net\/blog\/wp-json\/wp\/v2\/comments?post=1002"}],"version-history":[{"count":7,"href":"https:\/\/www.opt-media.net\/blog\/wp-json\/wp\/v2\/posts\/1002\/revisions"}],"predecessor-version":[{"id":2985,"href":"https:\/\/www.opt-media.net\/blog\/wp-json\/wp\/v2\/posts\/1002\/revisions\/2985"}],"wp:featuredmedia":[{"embeddable":true,"href":"https:\/\/www.opt-media.net\/blog\/wp-json\/wp\/v2\/media\/1003"}],"wp:attachment":[{"href":"https:\/\/www.opt-media.net\/blog\/wp-json\/wp\/v2\/media?parent=1002"}],"wp:term":[{"taxonomy":"category","embeddable":true,"href":"https:\/\/www.opt-media.net\/blog\/wp-json\/wp\/v2\/categories?post=1002"},{"taxonomy":"post_tag","embeddable":true,"href":"https:\/\/www.opt-media.net\/blog\/wp-json\/wp\/v2\/tags?post=1002"}],"curies":[{"name":"wp","href":"https:\/\/api.w.org\/{rel}","templated":true}]}}