{"id":1022,"date":"2014-07-12T17:07:59","date_gmt":"2014-07-12T15:07:59","guid":{"rendered":"http:\/\/www.opt-media.net\/blog\/?p=1022"},"modified":"2022-03-28T09:41:58","modified_gmt":"2022-03-28T07:41:58","slug":"nuevo-despacho-terrassa-tatche-advocats","status":"publish","type":"post","link":"https:\/\/www.opt-media.net\/blog\/nuevo-despacho-terrassa-tatche-advocats\/","title":{"rendered":"Nuevo despacho en Terrassa para Tatch\u00e9 Abogados"},"content":{"rendered":"<p>El bufete de <a title=\"abogados terrassa\" href=\"http:\/\/www.abogadoensabadell.com\">abogados en Terrassa<\/a>, Bufet Tatch\u00e9 Advocats abri\u00f3 hace unas semanas un nuevo despacho en pleno centro de la ciudad, que comparten con su asesor\u00eda hermana (Assessoria Consulta\u2019ns).<\/p>\n<p>Situada en la primera planta del n\u00famero 30 de la calle Cremat N\u00ba 30, su nueva sede se sit\u00faa a escasos metros de la Catedral y el Ayuntamiento de Terrassa, y muy cerca de la estaci\u00f3n de ferrocarril (FGC) de Terrassa Rambla. Sus n\u00fameros de tel\u00e9fono siguen siendo los mismos:\u00a0937893525 y 937893526.<\/p>\n<p><iframe loading=\"lazy\" style=\"border: 0;\" src=\"https:\/\/www.google.com\/maps\/embed?pb=!1m18!1m12!1m3!1d5970.59819477937!2d2.0102740999999797!3d41.5627708999997!2m3!1f0!2f0!3f0!3m2!1i1024!2i768!4f13.1!3m3!1m2!1s0x12a492ea61816455%3A0xe7a41b0e9a777382!2sCarrer+Cremat%2C+30!5e0!3m2!1ses!2ses!4v1404837017486\" height=\"350\" width=\"100%\" frameborder=\"0\"><\/iframe><\/p>\n<p>Os recordamos asimismo los datos de contacto de sus despachos en Sabadell y Sant Quirze del Vall\u00e9s:<\/p>\n<ul>\n<li><span style=\"text-decoration: underline;\">Tatch\u00e9 Advocats Sabadell<\/span>:<br \/>\nC\/ Alfons XIII, 11, 4\u00aa<br \/>\n08202 Sabadell<br \/>\nTel\u00e9fono:\u00a0937256039 \/ 937256054<\/li>\n<\/ul>\n<ul>\n<li><span style=\"text-decoration: underline;\">Tatch\u00e9 Advocats Sant Quirze del Vall\u00e9s<\/span>:<br \/>\nC\/ Montserrat Roig 12<br \/>\n08192 Sant Quirze del Vall\u00e9s<br \/>\nTel\u00e9fono: 937219770<\/li>\n<\/ul>\n<p>&nbsp;<\/p>\n","protected":false},"excerpt":{"rendered":"<p>El bufete de abogados en Terrassa, Bufet Tatch\u00e9 Advocats abri\u00f3 hace unas semanas un nuevo despacho en pleno centro de la ciudad, que comparten con su asesor\u00eda hermana (Assessoria Consulta\u2019ns). Situada en la primera planta del n\u00famero 30 de la calle Cremat N\u00ba 30, su nueva sede se sit\u00faa a escasos metros de la Catedral [&hellip;]<\/p>\n","protected":false},"author":1,"featured_media":1023,"comment_status":"closed","ping_status":"closed","sticky":false,"template":"","format":"standard","meta":{"footnotes":""},"categories":[3],"tags":[],"class_list":["post-1022","post","type-post","status-publish","format-standard","has-post-thumbnail","hentry","category-noticias"],"_links":{"self":[{"href":"https:\/\/www.opt-media.net\/blog\/wp-json\/wp\/v2\/posts\/1022","targetHints":{"allow":["GET"]}}],"collection":[{"href":"https:\/\/www.opt-media.net\/blog\/wp-json\/wp\/v2\/posts"}],"about":[{"href":"https:\/\/www.opt-media.net\/blog\/wp-json\/wp\/v2\/types\/post"}],"author":[{"embeddable":true,"href":"https:\/\/www.opt-media.net\/blog\/wp-json\/wp\/v2\/users\/1"}],"replies":[{"embeddable":true,"href":"https:\/\/www.opt-media.net\/blog\/wp-json\/wp\/v2\/comments?post=1022"}],"version-history":[{"count":7,"href":"https:\/\/www.opt-media.net\/blog\/wp-json\/wp\/v2\/posts\/1022\/revisions"}],"predecessor-version":[{"id":1031,"href":"https:\/\/www.opt-media.net\/blog\/wp-json\/wp\/v2\/posts\/1022\/revisions\/1031"}],"wp:featuredmedia":[{"embeddable":true,"href":"https:\/\/www.opt-media.net\/blog\/wp-json\/wp\/v2\/media\/1023"}],"wp:attachment":[{"href":"https:\/\/www.opt-media.net\/blog\/wp-json\/wp\/v2\/media?parent=1022"}],"wp:term":[{"taxonomy":"category","embeddable":true,"href":"https:\/\/www.opt-media.net\/blog\/wp-json\/wp\/v2\/categories?post=1022"},{"taxonomy":"post_tag","embeddable":true,"href":"https:\/\/www.opt-media.net\/blog\/wp-json\/wp\/v2\/tags?post=1022"}],"curies":[{"name":"wp","href":"https:\/\/api.w.org\/{rel}","templated":true}]}}