{"id":3465,"date":"2016-03-07T12:23:56","date_gmt":"2016-03-07T10:23:56","guid":{"rendered":"http:\/\/www.opt-media.net\/blog\/?p=3465"},"modified":"2022-03-28T09:41:13","modified_gmt":"2022-03-28T07:41:13","slug":"mudanzas-jose-vidal-mudanzas-en-valencia-eficaces-y-a-buen-precio","status":"publish","type":"post","link":"https:\/\/www.opt-media.net\/blog\/mudanzas-jose-vidal-mudanzas-en-valencia-eficaces-y-a-buen-precio\/","title":{"rendered":"Mudanzas Jos\u00e9 Vidal, mudanzas en Valencia eficaces y a buen precio"},"content":{"rendered":"<p><a href=\"http:\/\/www.opt-media.net\/blog\/wp-content\/uploads\/2016\/03\/mudanzas-jose-vidal-valencia.jpg\"><img loading=\"lazy\" decoding=\"async\" class=\"aligncenter size-full wp-image-3466\" src=\"http:\/\/www.opt-media.net\/blog\/wp-content\/uploads\/2016\/03\/mudanzas-jose-vidal-valencia.jpg\" alt=\"mudanzas-jose-vidal-valencia\" width=\"879\" height=\"239\" srcset=\"https:\/\/www.opt-media.net\/blog\/wp-content\/uploads\/2016\/03\/mudanzas-jose-vidal-valencia.jpg 879w, https:\/\/www.opt-media.net\/blog\/wp-content\/uploads\/2016\/03\/mudanzas-jose-vidal-valencia-300x81.jpg 300w, https:\/\/www.opt-media.net\/blog\/wp-content\/uploads\/2016\/03\/mudanzas-jose-vidal-valencia-500x135.jpg 500w\" sizes=\"auto, (max-width: 879px) 100vw, 879px\" \/><\/a><\/p>\n<p class=\"p1\">Con la paulatina recuperaci\u00f3n del mercado espa\u00f1ol y su sector inmobiliario, tanto en compras como alquileres de viviendas y locales para particulares y empresas, han aumentado tambi\u00e9n la cantidad de\u00a0traslados y la creaci\u00f3n de empresas de mudanzas.<\/p>\n<p class=\"p1\">No obstante, como advierte la Federaci\u00f3n Espa\u00f1ola de Empresas de Mudanzas (FEDEM)<b>, <\/b>el intrusismo est\u00e1 perjudicando gravemente no solo al sector, sino tambi\u00e9n a los usuarios, pues no disponer de un servicio de expertos conlleva prescindir de todas las garant\u00edas de calidad y seguridad que se necesitan en las mudanzas. Por eso, es necesario contratar un servicio profesional para el transporte y traslado de sus pertenencias, y este no tiene por qu\u00e9 ser caro.<\/p>\n<p class=\"p1\">En Mudanzas Jos\u00e9 Vidal, <strong><a title=\"empresa de mudanzas Valencia\" href=\"http:\/\/www.mudanzasjosevidal.com\/\">empresa de mudanzas en Valencia<\/a><\/strong> con m\u00e1s de veinte a\u00f1os de experiencia, ofrecen un servicio profesional de mudanzas nacionales e internacionales, eficiente y con un presupuesto muy ajustado a sus necesidades, tanto para usuarios particulares como para negocios.<span class=\"Apple-converted-space\">\u00a0 \u00a0<\/span><\/p>\n<p class=\"p1\">Cuentan\u00a0con todo lo necesario para que usted no se preocupe de nada y disfrute de su nueva localizaci\u00f3n. Su\u00a0equipo t\u00e9cnico, especializado y dotado de las herramientas y los conocimientos necesarios, se ocupar\u00e1 de embalar y trasladar todos sus enseres y pertenencias personales, as\u00ed como de montar y ajustar el mobiliario en su nueva localizaci\u00f3n, de manera r\u00e1pida y eficaz. Sin\u00a0p\u00e9rdidas ni desperfectos y que los vecinos no padecer\u00e1n ninguna molestia, ni las zonas de uso com\u00fan sufrir\u00e1n.<\/p>\n<p class=\"p1\">Para el traslado de sus objetos personales, a pesar de ofrecer su servicio de <strong>mudanzas econ\u00f3micas en Valencia<\/strong>,\u00a0cuentan\u00a0con una flota de camiones de diferentes vol\u00famenes, as\u00ed como de gr\u00faas y plataformas\u00a0profesionales que permiten cargar y descargar los enseres m\u00e1s pesados de la manera m\u00e1s c\u00f3moda.<\/p>\n<p class=\"p1\">Complementariamente, puede almacenar sus pertenencias ya que como <strong>empresa de<\/strong>\u00a0<a title=\"empresa de guardamuebles Valencia\" href=\"http:\/\/www.mudanzasjosevidal.com\/articulos\/guardamuebles-valencia\"><b>guardamuebles en Valencia <\/b><\/a>disponen de espacios espec\u00edficos para este fin. Ya sea durante un traslado o con el fin de\u00a0guardar objetos que no le caben o en desuso.<span class=\"Apple-converted-space\">\u00a0 <\/span>En su\u00a0amplio almac\u00e9n podr\u00e1 depositar sus enseres en el trastero que mejor se adapte a sus necesidades, para aprovechar al m\u00e1ximo los metros cuadrados. Podr\u00e1 almacenarlos all\u00ed el tiempo que desee, ya sean periodos cortos o indefinidos, con todas las garant\u00edas de conservaci\u00f3n y seguridad.<\/p>\n<p class=\"p1\">\n","protected":false},"excerpt":{"rendered":"<p>Con la paulatina recuperaci\u00f3n del mercado espa\u00f1ol y su sector inmobiliario, tanto en compras como alquileres de viviendas y locales para particulares y empresas, han aumentado tambi\u00e9n la cantidad de\u00a0traslados y la creaci\u00f3n de empresas de mudanzas. No obstante, como advierte la Federaci\u00f3n Espa\u00f1ola de Empresas de Mudanzas (FEDEM), el intrusismo est\u00e1 perjudicando gravemente no [&hellip;]<\/p>\n","protected":false},"author":1,"featured_media":0,"comment_status":"closed","ping_status":"closed","sticky":false,"template":"","format":"standard","meta":{"footnotes":""},"categories":[17,3,4],"tags":[115,114,116,83],"class_list":["post-3465","post","type-post","status-publish","format-standard","hentry","category-clientes","category-noticias","category-seo","tag-guardamuebles","tag-mudanzas","tag-mudanzas-valencia","tag-valencia"],"_links":{"self":[{"href":"https:\/\/www.opt-media.net\/blog\/wp-json\/wp\/v2\/posts\/3465","targetHints":{"allow":["GET"]}}],"collection":[{"href":"https:\/\/www.opt-media.net\/blog\/wp-json\/wp\/v2\/posts"}],"about":[{"href":"https:\/\/www.opt-media.net\/blog\/wp-json\/wp\/v2\/types\/post"}],"author":[{"embeddable":true,"href":"https:\/\/www.opt-media.net\/blog\/wp-json\/wp\/v2\/users\/1"}],"replies":[{"embeddable":true,"href":"https:\/\/www.opt-media.net\/blog\/wp-json\/wp\/v2\/comments?post=3465"}],"version-history":[{"count":5,"href":"https:\/\/www.opt-media.net\/blog\/wp-json\/wp\/v2\/posts\/3465\/revisions"}],"predecessor-version":[{"id":4017,"href":"https:\/\/www.opt-media.net\/blog\/wp-json\/wp\/v2\/posts\/3465\/revisions\/4017"}],"wp:attachment":[{"href":"https:\/\/www.opt-media.net\/blog\/wp-json\/wp\/v2\/media?parent=3465"}],"wp:term":[{"taxonomy":"category","embeddable":true,"href":"https:\/\/www.opt-media.net\/blog\/wp-json\/wp\/v2\/categories?post=3465"},{"taxonomy":"post_tag","embeddable":true,"href":"https:\/\/www.opt-media.net\/blog\/wp-json\/wp\/v2\/tags?post=3465"}],"curies":[{"name":"wp","href":"https:\/\/api.w.org\/{rel}","templated":true}]}}