{"id":3640,"date":"2016-03-24T10:44:55","date_gmt":"2016-03-24T08:44:55","guid":{"rendered":"http:\/\/www.opt-media.net\/blog\/?p=3640"},"modified":"2022-03-28T09:41:13","modified_gmt":"2022-03-28T07:41:13","slug":"union-gruas-expertos-en-alquiler-de-camiones-y-maquinaria-en-barcelona","status":"publish","type":"post","link":"https:\/\/www.opt-media.net\/blog\/union-gruas-expertos-en-alquiler-de-camiones-y-maquinaria-en-barcelona\/","title":{"rendered":"Uni\u00f3n Gruas, expertos en alquiler de camiones y maquinaria en Barcelona"},"content":{"rendered":"<p>\u00bfBuscas una empresa que ofrezca servicios profesionales\u00a0de alquiler de maquinaria en Barcelona? Desde nuestro blog de Opt Media os\u00a0presentamos una de las empresas m\u00e1s punteras y con m\u00e1s a\u00f1os de experiencia en el sector. Este es el caso de Uni\u00f3n Gr\u00faas.<\/p>\n<p>Para poder ofrecer\u00a0sus mejores servicios cuentan con una gran flota de veh\u00edculos adaptadas a las necesidades de cada cliente, poniendo a su disposici\u00f3n todo lo necesario para que pueda trasladar cualquier cosa que necesite por muy voluminosa que sea.<\/p>\n<p>\u00bfBuscas <strong>alquilar camiones en Barcelona<\/strong>? \u00bf<strong>Alquilar carretillas elevadoras en Barcelona<\/strong>? Solo debe contactar con Uni\u00f3n Gr\u00faas y le ofrecer\u00e1n exactamente lo que est\u00e1 buscando.<\/p>\n<p>Desde el a\u00f1o 1981 su empresa se ha especializado en la realizaci\u00f3n de <strong>transportes especiales<\/strong><b>\u00a0desde Barcelona y\u00a0<\/b>realizando de igual modo sus servicios en todo el \u00e1mbito nacional. Traslados integrales de talleres y de maquinarias\u00a0industriales siempre al mejor precio y garantizando un servicio de calidad para la satisfacci\u00f3n completa de todos sus clientes.<\/p>\n<p>Adem\u00e1s, en Uni\u00f3n Gr\u00faas cuentan con un departamento de log\u00edstica el cual se encargar\u00e1 de la consecuci\u00f3n de los permisos especiales y autorizaciones que puedan ser necesarias para llevar a cabo este tipo de transportes, y de este modo cumplir de manera \u00f3ptima con todas las exigencias que requiere la normativa del Gobierno de Espa\u00f1a y la Uni\u00f3n Europea.<\/p>\n<p>Si desea obtener m\u00e1s informaci\u00f3n puede conocer su sitio web. Tambi\u00e9n podr\u00e1 solicitar un presupuesto sin compromiso sobre sus servicios llamando a los n\u00fameros de tel\u00e9fono\u00a093 574 15 20, 657 24 93 31 o escribiendo a su direcci\u00f3n de correo electr\u00f3nico\u00a0uniongruas@gmail.com.<\/p>\n<p>&nbsp;<\/p>\n<p><iframe loading=\"lazy\" style=\"border: 0;\" src=\"https:\/\/www.google.com\/maps\/embed?pb=!1m14!1m8!1m3!1d5974.798640027161!2d2.2017494788513314!3d41.517290155555294!3m2!1i1024!2i768!4f13.1!3m3!1m2!1s0x0%3A0x8ea73078819ea580!2sUni%C3%B3n+Gr%C3%BAas+-+Alquiler+de+Carretillas%2C+Camiones+y+Gr%C3%BAas+en+Barcelona!5e0!3m2!1ses!2ses!4v1458808774113\" width=\"600\" height=\"450\" frameborder=\"0\" allowfullscreen=\"allowfullscreen\"><\/iframe><\/p>\n","protected":false},"excerpt":{"rendered":"<p>\u00bfBuscas una empresa que ofrezca servicios profesionales\u00a0de alquiler de maquinaria en Barcelona? Desde nuestro blog de Opt Media os\u00a0presentamos una de las empresas m\u00e1s punteras y con m\u00e1s a\u00f1os de experiencia en el sector. Este es el caso de Uni\u00f3n Gr\u00faas. Para poder ofrecer\u00a0sus mejores servicios cuentan con una gran flota de veh\u00edculos adaptadas a [&hellip;]<\/p>\n","protected":false},"author":1,"featured_media":3641,"comment_status":"closed","ping_status":"closed","sticky":false,"template":"","format":"standard","meta":{"footnotes":""},"categories":[3],"tags":[],"class_list":["post-3640","post","type-post","status-publish","format-standard","has-post-thumbnail","hentry","category-noticias"],"_links":{"self":[{"href":"https:\/\/www.opt-media.net\/blog\/wp-json\/wp\/v2\/posts\/3640","targetHints":{"allow":["GET"]}}],"collection":[{"href":"https:\/\/www.opt-media.net\/blog\/wp-json\/wp\/v2\/posts"}],"about":[{"href":"https:\/\/www.opt-media.net\/blog\/wp-json\/wp\/v2\/types\/post"}],"author":[{"embeddable":true,"href":"https:\/\/www.opt-media.net\/blog\/wp-json\/wp\/v2\/users\/1"}],"replies":[{"embeddable":true,"href":"https:\/\/www.opt-media.net\/blog\/wp-json\/wp\/v2\/comments?post=3640"}],"version-history":[{"count":13,"href":"https:\/\/www.opt-media.net\/blog\/wp-json\/wp\/v2\/posts\/3640\/revisions"}],"predecessor-version":[{"id":4030,"href":"https:\/\/www.opt-media.net\/blog\/wp-json\/wp\/v2\/posts\/3640\/revisions\/4030"}],"wp:featuredmedia":[{"embeddable":true,"href":"https:\/\/www.opt-media.net\/blog\/wp-json\/wp\/v2\/media\/3641"}],"wp:attachment":[{"href":"https:\/\/www.opt-media.net\/blog\/wp-json\/wp\/v2\/media?parent=3640"}],"wp:term":[{"taxonomy":"category","embeddable":true,"href":"https:\/\/www.opt-media.net\/blog\/wp-json\/wp\/v2\/categories?post=3640"},{"taxonomy":"post_tag","embeddable":true,"href":"https:\/\/www.opt-media.net\/blog\/wp-json\/wp\/v2\/tags?post=3640"}],"curies":[{"name":"wp","href":"https:\/\/api.w.org\/{rel}","templated":true}]}}