{"id":3654,"date":"2016-04-13T09:37:22","date_gmt":"2016-04-13T07:37:22","guid":{"rendered":"http:\/\/www.opt-media.net\/blog\/?p=3654"},"modified":"2022-03-28T09:41:13","modified_gmt":"2022-03-28T07:41:13","slug":"servicios-de-instalacion-de-aire-acondicionado-en-barcelona","status":"publish","type":"post","link":"https:\/\/www.opt-media.net\/blog\/servicios-de-instalacion-de-aire-acondicionado-en-barcelona\/","title":{"rendered":"Servicios de instalaci\u00f3n de aire acondicionado en Barcelona"},"content":{"rendered":"<p>Una vez finalizada la estaci\u00f3n invernal en nuestro pa\u00eds damos paso a la tan esperada primavera. Con ella disfrutamos de m\u00e1s horas de luz\u00a0y temperaturas m\u00e1s agradables, que en algunos casos seg\u00fan nuestra localizaci\u00f3n se convierten en aut\u00e9nticos d\u00edas de verano.<\/p>\n<p>Es en esta \u00e9poca en la que los expertos en <a href=\"https:\/\/climadifusion.com\/aires-acondicionados-en-el-maresme\/\"><strong>instalaciones de aire acondicionado Maresme<\/strong><\/a>\u00a0recomiendan realizar la revisi\u00f3n de los\u00a0sistemas de climatizaci\u00f3n, adelant\u00e1ndonos a las altas temperaturas y asegur\u00e1ndonos un buen funcionamiento de los mismos.<\/p>\n<p>Para realizar dicha revisi\u00f3n, as\u00ed como la venta, reparaci\u00f3n e instalaci\u00f3n recomendamos los servicios de una de las empresas con m\u00e1s trayectoria en el sector,\u00a0Clima Difusi\u00f3n.<\/p>\n<p>Clima Difusi\u00f3n cuenta con largos\u00a0a\u00f1os de experiencia en el sector, ofreciendo las mejores soluciones con los m\u00e1s avanzados\u00a0sistemas de climatizaci\u00f3n para\u00a0los hogares y negocios y desplaz\u00e1ndose a cualquier punto de la cuidad donde les necesite.<\/p>\n<p>Si desea conocer m\u00e1s informaci\u00f3n sobre la empresa o solicitar un presupuesto totalmente sin compromiso adaptado a sus necesidades no dude en contactar con Clima Difusi\u00f3n, empresa l\u00edder del sector.<\/p>\n","protected":false},"excerpt":{"rendered":"<p>Una vez finalizada la estaci\u00f3n invernal en nuestro pa\u00eds damos paso a la tan esperada primavera. Con ella disfrutamos de m\u00e1s horas de luz\u00a0y temperaturas m\u00e1s agradables, que en algunos casos seg\u00fan nuestra localizaci\u00f3n se convierten en aut\u00e9nticos d\u00edas de verano. Es en esta \u00e9poca en la que los expertos en instalaciones de aire acondicionado [&hellip;]<\/p>\n","protected":false},"author":1,"featured_media":3655,"comment_status":"closed","ping_status":"closed","sticky":false,"template":"","format":"standard","meta":{"footnotes":""},"categories":[3],"tags":[],"class_list":["post-3654","post","type-post","status-publish","format-standard","has-post-thumbnail","hentry","category-noticias"],"_links":{"self":[{"href":"https:\/\/www.opt-media.net\/blog\/wp-json\/wp\/v2\/posts\/3654","targetHints":{"allow":["GET"]}}],"collection":[{"href":"https:\/\/www.opt-media.net\/blog\/wp-json\/wp\/v2\/posts"}],"about":[{"href":"https:\/\/www.opt-media.net\/blog\/wp-json\/wp\/v2\/types\/post"}],"author":[{"embeddable":true,"href":"https:\/\/www.opt-media.net\/blog\/wp-json\/wp\/v2\/users\/1"}],"replies":[{"embeddable":true,"href":"https:\/\/www.opt-media.net\/blog\/wp-json\/wp\/v2\/comments?post=3654"}],"version-history":[{"count":12,"href":"https:\/\/www.opt-media.net\/blog\/wp-json\/wp\/v2\/posts\/3654\/revisions"}],"predecessor-version":[{"id":5198,"href":"https:\/\/www.opt-media.net\/blog\/wp-json\/wp\/v2\/posts\/3654\/revisions\/5198"}],"wp:featuredmedia":[{"embeddable":true,"href":"https:\/\/www.opt-media.net\/blog\/wp-json\/wp\/v2\/media\/3655"}],"wp:attachment":[{"href":"https:\/\/www.opt-media.net\/blog\/wp-json\/wp\/v2\/media?parent=3654"}],"wp:term":[{"taxonomy":"category","embeddable":true,"href":"https:\/\/www.opt-media.net\/blog\/wp-json\/wp\/v2\/categories?post=3654"},{"taxonomy":"post_tag","embeddable":true,"href":"https:\/\/www.opt-media.net\/blog\/wp-json\/wp\/v2\/tags?post=3654"}],"curies":[{"name":"wp","href":"https:\/\/api.w.org\/{rel}","templated":true}]}}