{"id":3693,"date":"2016-08-10T15:43:54","date_gmt":"2016-08-10T13:43:54","guid":{"rendered":"http:\/\/www.opt-media.net\/blog\/?p=3693"},"modified":"2022-03-28T09:41:11","modified_gmt":"2022-03-28T07:41:11","slug":"la-cuina-de-gemma","status":"publish","type":"post","link":"https:\/\/www.opt-media.net\/blog\/la-cuina-de-gemma\/","title":{"rendered":"La cuina de Gemma, no s\u00f3lo una de las empresas de catering en Valencia"},"content":{"rendered":"<p>Desde el blog de Opt Media queremos destacar los servicios de uno de nuestros clientes, en este caso cuenta con una larga trayectoria en el sector de la hosteler\u00eda, nos referimos a <strong>La Cuina de Gemma<\/strong>, empresa especializada en catering eventos Valencia y en el <a href=\"https:\/\/lacuinadegemma.com\"><strong>servicio de catering en Valencia<\/strong>.<\/a><!--more--><\/p>\n<p>Queremos destacar las grandes posibilidades que puede ofrecer en cuanto a propuestas culinarias para los m\u00e1s variados y diferentes eventos con su amplia lista de servicios:<\/p>\n<ul>\n<li><strong>Catering para particulares en Valencia<\/strong><\/li>\n<li><strong>Catering para bodas en Valencia<\/strong><\/li>\n<li><strong>Catering para eventos en Valencia<\/strong><\/li>\n<li><strong>Catering para comuniones en Valencia<\/strong><\/li>\n<li><strong>Catering a domicilio Valencia<\/strong><\/li>\n<\/ul>\n<p>Como empresa de <strong>catering en Valencia<\/strong>, en La Cuina de Gemma, ofrecen no s\u00f3lo la gesti\u00f3n y organizaci\u00f3n de todo tipo de eventos, sino que disponen de una larga trayectoria y por tanto, pueden realizar la gesti\u00f3n de todo lo necesario para conseguir que el evento sea un \u00e9xito y agrade a todos sus asistentes, dejando un recuerdo imborrable en su paladar y en la atenci\u00f3n recibida.<\/p>\n<p>El equipo de profesionales de La Cuina de Gemma, adem\u00e1s de realizar desde la gesti\u00f3n de catering\u00a0<strong>para eventos en Valencia<\/strong>, hasta el dise\u00f1o de men\u00fas espec\u00edficos adaptados a las necesidades de cada cliente, siendo conscientes de las m\u00faltiples posibilidades que puedan surgir: men\u00fas veganos, para vegetarianos, cel\u00edacos, etc., as\u00ed como todos los detalles que puedan ser necesarios, para conseguir que el evento resulte todo un \u00e9xito y todos los asistentes al mismo queden satisfechos, ya se trate de empresas o particulares.<\/p>\n<p>Para La Cuina de Gemma, el objetivo principal es conseguir el mejor servicio de catering para llevarlo al lugar que el cliente desee, contando con una equipo de profesionales altamente cualificado, con el equipamiento necesario, as\u00ed como con las mejores herramientas para conseguir un servicio \u00f3ptimo, basado en la excelencia y el saber hacer que proporciona la experiencia<\/p>\n","protected":false},"excerpt":{"rendered":"<p>Desde el blog de Opt Media queremos destacar los servicios de uno de nuestros clientes, en este caso cuenta con una larga trayectoria en el sector de la hosteler\u00eda, nos referimos a La Cuina de Gemma, empresa especializada en catering eventos Valencia y en el servicio de catering en Valencia.<\/p>\n","protected":false},"author":1,"featured_media":6063,"comment_status":"closed","ping_status":"closed","sticky":false,"template":"","format":"standard","meta":{"footnotes":""},"categories":[3],"tags":[],"class_list":["post-3693","post","type-post","status-publish","format-standard","has-post-thumbnail","hentry","category-noticias"],"_links":{"self":[{"href":"https:\/\/www.opt-media.net\/blog\/wp-json\/wp\/v2\/posts\/3693","targetHints":{"allow":["GET"]}}],"collection":[{"href":"https:\/\/www.opt-media.net\/blog\/wp-json\/wp\/v2\/posts"}],"about":[{"href":"https:\/\/www.opt-media.net\/blog\/wp-json\/wp\/v2\/types\/post"}],"author":[{"embeddable":true,"href":"https:\/\/www.opt-media.net\/blog\/wp-json\/wp\/v2\/users\/1"}],"replies":[{"embeddable":true,"href":"https:\/\/www.opt-media.net\/blog\/wp-json\/wp\/v2\/comments?post=3693"}],"version-history":[{"count":7,"href":"https:\/\/www.opt-media.net\/blog\/wp-json\/wp\/v2\/posts\/3693\/revisions"}],"predecessor-version":[{"id":6066,"href":"https:\/\/www.opt-media.net\/blog\/wp-json\/wp\/v2\/posts\/3693\/revisions\/6066"}],"wp:featuredmedia":[{"embeddable":true,"href":"https:\/\/www.opt-media.net\/blog\/wp-json\/wp\/v2\/media\/6063"}],"wp:attachment":[{"href":"https:\/\/www.opt-media.net\/blog\/wp-json\/wp\/v2\/media?parent=3693"}],"wp:term":[{"taxonomy":"category","embeddable":true,"href":"https:\/\/www.opt-media.net\/blog\/wp-json\/wp\/v2\/categories?post=3693"},{"taxonomy":"post_tag","embeddable":true,"href":"https:\/\/www.opt-media.net\/blog\/wp-json\/wp\/v2\/tags?post=3693"}],"curies":[{"name":"wp","href":"https:\/\/api.w.org\/{rel}","templated":true}]}}