{"id":4472,"date":"2018-01-12T15:54:50","date_gmt":"2018-01-12T13:54:50","guid":{"rendered":"http:\/\/www.opt-media.net\/blog\/?p=4472"},"modified":"2022-03-28T09:41:09","modified_gmt":"2022-03-28T07:41:09","slug":"donde-guardar-muebles-mudanzas-valero","status":"publish","type":"post","link":"https:\/\/www.opt-media.net\/blog\/donde-guardar-muebles-mudanzas-valero\/","title":{"rendered":"\u00bfD\u00f3nde guardar muebles? Mudanzas Valero"},"content":{"rendered":"<h1>El mejor lugar donde guardar muebles temporalmente<\/h1>\n<p>\u00bf<strong>D\u00f3nde guardar muebles <\/strong>durante una reforma? \u00bfQu\u00e9 hacer con todas las pertenencias entre mudanza y mudanza? \u00bfVa a estar fuera una temporada y no sabe en qu\u00e9 lugar puede almacenar sus enseres personales? Hoy, desde Opt Media, resolvemos todas sus dudas recomend\u00e1ndole una empresa valencia altamente profesional que pone a su disposici\u00f3n su servicio de guardamuebles: Mudanzas Valero.<\/p>\n<p>Los guardamuebles son instalaciones preparadas para albergar nuestras pertenencias por un periodo concreto o prolongado en el tiempo. Los cambios de domicilio u oficina, las largas estancias fuera de casa o la falta de espacio en nuestras propiedades son los principales motivos por los que los usuarios nos vemos en la necesidad actualmente de recurrir a empresas que custodien nuestros muebles u objetos con todas las seguridades y garant\u00edas.<!--more--><\/p>\n<p>Un gran n\u00famero de personas conf\u00edan en su d\u00eda a d\u00eda en los trasteros y los guardamuebles de nuestro pa\u00eds, tanto para almacenar sus pertenencias personales como de trabajo, entre los que destacamos muebles de oficina, archivadores o maquinaria. Se han convertido en un espacio id\u00f3neo para guardar todo tipo de enseres, raz\u00f3n por la que el sector de los guardamuebles est\u00e1 en plena expansi\u00f3n tanto en Espa\u00f1a como en el resto de pa\u00edses del mundo.<\/p>\n<h2>Mudanzas valero, guardamuebles de referencia en valencia<\/h2>\n<p>Si est\u00e1 interesado en contratar un <a href=\"https:\/\/www.valerosl.com\/servicios\/guardamuebles\">guardamuebles en Valencia<\/a> para custodiar sus pertenencias, le invitamos a conocer la reputada empresa Valero. La profesionalidad y experiencia de su equipo, las facilidades que ofrecen y la alta seguridad de sus instalaciones la han convertido en una de las compa\u00f1\u00edas de referencia en la zona tanto para servicios de mudanzas como de guardamuebles. Algunos de los motivos por los que los usuarios conf\u00edan en ellos y en sus guardamuebles son los siguientes<\/p>\n<ul>\n<li>Instalaciones vigiladas. Est\u00e1n dotadas de un sistema de alarma con grabaci\u00f3n de im\u00e1genes y aviso inmediato a la polic\u00eda ante cualquier imprevisto. Cuentan con un seguro en la conocida compa\u00f1\u00eda Allianz, lo que aporta gran confianza a sus clientes.<\/li>\n<li>Acondicionamiento de espacios. Se adaptan a los requerimientos de los usuarios y de sus pertenencias, aclimatando sus guardamuebles a la temperatura y las condiciones que necesiten para no echarse a perder y restar por mucho tiempo en las mejores condiciones.<\/li>\n<li>F\u00e1cil acceso. Los clientes pueden acceder a sus enseres personales siempre que lo deseen previa comunicaci\u00f3n telef\u00f3nica con el centro.<\/li>\n<li>Espacios amplios. No importa el volumen de lo que desee almacenarse, en Mudanzas Valero disponen de unas instalaciones equipadas y preparadas para darle cabida sin comprometer su estado.<\/li>\n<li>Agilidad en los tr\u00e1mites. En todo momento est\u00e1n pendientes de las necesidades de sus usuarios y gestionan cualquier tr\u00e1mite con eficacia y rapidez para lograr su m\u00e1xima satisfacci\u00f3n.<\/li>\n<\/ul>\n<p>No importa cu\u00e1l sea su raz\u00f3n, si quiere saber <strong>d\u00f3nde guardar muebles <\/strong>en la zona, Mudanzas Valero es su empresa de referencia. Puede contactar con ellos a trav\u00e9s del n\u00famero de tel\u00e9fono +34 963 91 28 93, del correo electr\u00f3nico <a href=\"mailto:valerologistik@gmail.com\">valerologistik@gmail.com<\/a> o del formulario de contacto que encontrar\u00e1 en su p\u00e1gina web.<\/p>\n","protected":false},"excerpt":{"rendered":"<p>El mejor lugar donde guardar muebles temporalmente \u00bfD\u00f3nde guardar muebles durante una reforma? \u00bfQu\u00e9 hacer con todas las pertenencias entre mudanza y mudanza? \u00bfVa a estar fuera una temporada y no sabe en qu\u00e9 lugar puede almacenar sus enseres personales? Hoy, desde Opt Media, resolvemos todas sus dudas recomend\u00e1ndole una empresa valencia altamente profesional que [&hellip;]<\/p>\n","protected":false},"author":1,"featured_media":4473,"comment_status":"closed","ping_status":"closed","sticky":false,"template":"","format":"standard","meta":{"footnotes":""},"categories":[1],"tags":[],"class_list":["post-4472","post","type-post","status-publish","format-standard","has-post-thumbnail","hentry","category-sin-categoria"],"_links":{"self":[{"href":"https:\/\/www.opt-media.net\/blog\/wp-json\/wp\/v2\/posts\/4472","targetHints":{"allow":["GET"]}}],"collection":[{"href":"https:\/\/www.opt-media.net\/blog\/wp-json\/wp\/v2\/posts"}],"about":[{"href":"https:\/\/www.opt-media.net\/blog\/wp-json\/wp\/v2\/types\/post"}],"author":[{"embeddable":true,"href":"https:\/\/www.opt-media.net\/blog\/wp-json\/wp\/v2\/users\/1"}],"replies":[{"embeddable":true,"href":"https:\/\/www.opt-media.net\/blog\/wp-json\/wp\/v2\/comments?post=4472"}],"version-history":[{"count":3,"href":"https:\/\/www.opt-media.net\/blog\/wp-json\/wp\/v2\/posts\/4472\/revisions"}],"predecessor-version":[{"id":4718,"href":"https:\/\/www.opt-media.net\/blog\/wp-json\/wp\/v2\/posts\/4472\/revisions\/4718"}],"wp:featuredmedia":[{"embeddable":true,"href":"https:\/\/www.opt-media.net\/blog\/wp-json\/wp\/v2\/media\/4473"}],"wp:attachment":[{"href":"https:\/\/www.opt-media.net\/blog\/wp-json\/wp\/v2\/media?parent=4472"}],"wp:term":[{"taxonomy":"category","embeddable":true,"href":"https:\/\/www.opt-media.net\/blog\/wp-json\/wp\/v2\/categories?post=4472"},{"taxonomy":"post_tag","embeddable":true,"href":"https:\/\/www.opt-media.net\/blog\/wp-json\/wp\/v2\/tags?post=4472"}],"curies":[{"name":"wp","href":"https:\/\/api.w.org\/{rel}","templated":true}]}}