{"id":4720,"date":"2018-01-31T13:22:54","date_gmt":"2018-01-31T11:22:54","guid":{"rendered":"http:\/\/www.opt-media.net\/blog\/?p=4720"},"modified":"2022-03-28T09:41:08","modified_gmt":"2022-03-28T07:41:08","slug":"floristeria-valencia-dejate-sorprender-san-valentin","status":"publish","type":"post","link":"https:\/\/www.opt-media.net\/blog\/floristeria-valencia-dejate-sorprender-san-valentin\/","title":{"rendered":"El Jard\u00ed d&#8217;Esther, tu florister\u00eda en Valencia para sorprender en San Valent\u00edn"},"content":{"rendered":"<p>\u00bfTodav\u00eda no sabes qu\u00e9 regalar para San Valent\u00edn? \u00bfEst\u00e1s cansado de las tiendas y regalos de siempre y este a\u00f1o has pensado que ya es hora de innovar para sorprender a tu pareja en el d\u00eda m\u00e1s emotivo del a\u00f1o para los enamorados? Hoy, nos adentramos de lleno en conocer El Jard\u00ed d&#8217;Esther!, florister\u00eda en Valencia\u00a0con tienda online y muchas, muchas flores.<\/p>\n<p><!--more--><\/p>\n<p>Demostrar nuestro afecto, pasi\u00f3n y amor a trav\u00e9s de las flores es un acto antiqu\u00edsimo. Los arreglos florales nos acompa\u00f1an a lo largo de nuestra vida, pues inundan nuestro d\u00eda a d\u00eda de alegr\u00eda, color y simbolismo. Teniendo esto en cuenta, no es de extra\u00f1ar, pues, que se hayan convertido desde hace a\u00f1os en el regalo estrella del 14 de febrero. Cada a\u00f1o millones de enamorados celebran su amor con exquisitas cenas, memorables paseos y detalles singulares, como es el caso de un buen ramo de rosas (si son rojas, mucho mejor), un bouquet o incluso una flor preservada que nunca se marchita.<\/p>\n<p>Dado que regalar flores en San Valent\u00edn es ya un acto tradicional y con muchos a\u00f1os de vida, los enamorados tienen que reinventarse cada nuevo 14 de febrero, entregar presentes especiales y \u00fanicos, marcar la diferencia respecto a los a\u00f1os anteriores. Eso es precisamente en lo que est\u00e1n especializados en El Jard\u00ed d&#8217;Esther!, en ofrecer arreglos florales singulares y que destaquen por encima de los dem\u00e1s.<\/p>\n<p>El Jard\u00ed d&#8217;Esther! fue creada de la mano de Mar Ram\u00f3n, quien descubri\u00f3 su enorme pasi\u00f3n por las flores con tal solo 16 a\u00f1os, por lo que decidi\u00f3 emprender un largo viaje que la llevara a conocer todo lo que estuviera en estricta relaci\u00f3n con ellas. La florister\u00eda El Jard\u00ed d&#8217;Esther! naci\u00f3 de su esp\u00edritu, de su originalidad y de sus ganas por hacer ver a las personas que las flores est\u00e1n a nuestro largo durante toda nuestra vida, desde que nacemos hasta que morimos, y que por tanto debemos darles el protagonismo que merecen tanto en nuestra rutina diaria como en las fechas m\u00e1s se\u00f1aladas, como el D\u00eda de los Enamorados.<\/p>\n<p>En su florister\u00eda est\u00e1n preparando algo muy especial para este d\u00eda que se acerca. Dise\u00f1os exclusivos, detalles que sorprenden, regalos de calidad que dejar\u00e1n a cualquiera que los reciba sin habla. Desde Opt Media te recomendamos que si est\u00e1s buscando una florister\u00eda en Valencia para sorprender a tu pareja en San Valent\u00edn o para alegrar tu d\u00eda a d\u00eda y dejar atr\u00e1s la cotidianeidad, conf\u00edes en El Jard\u00ed d&#8217;Esther! Y es que su lema no pod\u00eda ser m\u00e1s acertado: \u201clas flores, como el pan, cada d\u00eda en casa\u201d.<\/p>\n<p>&nbsp;<\/p>\n<p>&nbsp;<\/p>\n","protected":false},"excerpt":{"rendered":"<p>\u00bfTodav\u00eda no sabes qu\u00e9 regalar para San Valent\u00edn? \u00bfEst\u00e1s cansado de las tiendas y regalos de siempre y este a\u00f1o has pensado que ya es hora de innovar para sorprender a tu pareja en el d\u00eda m\u00e1s emotivo del a\u00f1o para los enamorados? Hoy, nos adentramos de lleno en conocer El Jard\u00ed d&#8217;Esther!, florister\u00eda en [&hellip;]<\/p>\n","protected":false},"author":1,"featured_media":4724,"comment_status":"closed","ping_status":"closed","sticky":false,"template":"","format":"standard","meta":{"footnotes":""},"categories":[1],"tags":[],"class_list":["post-4720","post","type-post","status-publish","format-standard","has-post-thumbnail","hentry","category-sin-categoria"],"_links":{"self":[{"href":"https:\/\/www.opt-media.net\/blog\/wp-json\/wp\/v2\/posts\/4720","targetHints":{"allow":["GET"]}}],"collection":[{"href":"https:\/\/www.opt-media.net\/blog\/wp-json\/wp\/v2\/posts"}],"about":[{"href":"https:\/\/www.opt-media.net\/blog\/wp-json\/wp\/v2\/types\/post"}],"author":[{"embeddable":true,"href":"https:\/\/www.opt-media.net\/blog\/wp-json\/wp\/v2\/users\/1"}],"replies":[{"embeddable":true,"href":"https:\/\/www.opt-media.net\/blog\/wp-json\/wp\/v2\/comments?post=4720"}],"version-history":[{"count":6,"href":"https:\/\/www.opt-media.net\/blog\/wp-json\/wp\/v2\/posts\/4720\/revisions"}],"predecessor-version":[{"id":6709,"href":"https:\/\/www.opt-media.net\/blog\/wp-json\/wp\/v2\/posts\/4720\/revisions\/6709"}],"wp:featuredmedia":[{"embeddable":true,"href":"https:\/\/www.opt-media.net\/blog\/wp-json\/wp\/v2\/media\/4724"}],"wp:attachment":[{"href":"https:\/\/www.opt-media.net\/blog\/wp-json\/wp\/v2\/media?parent=4720"}],"wp:term":[{"taxonomy":"category","embeddable":true,"href":"https:\/\/www.opt-media.net\/blog\/wp-json\/wp\/v2\/categories?post=4720"},{"taxonomy":"post_tag","embeddable":true,"href":"https:\/\/www.opt-media.net\/blog\/wp-json\/wp\/v2\/tags?post=4720"}],"curies":[{"name":"wp","href":"https:\/\/api.w.org\/{rel}","templated":true}]}}