{"id":4759,"date":"2018-02-07T14:36:57","date_gmt":"2018-02-07T12:36:57","guid":{"rendered":"http:\/\/www.opt-media.net\/blog\/?p=4759"},"modified":"2022-03-28T09:41:08","modified_gmt":"2022-03-28T07:41:08","slug":"encuentra-la-fabrica-agendas-perfecta-planificar-ano","status":"publish","type":"post","link":"https:\/\/www.opt-media.net\/blog\/encuentra-la-fabrica-agendas-perfecta-planificar-ano\/","title":{"rendered":"Encuentra la f\u00e1brica de agendas perfecta para planificar tu a\u00f1o"},"content":{"rendered":"<p class=\"p1\">Empresas que venden y crean agendas hay muchas en el mercado actual, pero \u00bfc\u00f3mo encontrar una distribuidora y f\u00e1brica de agendas\u00a0de confianza, que actualice sus productos siguiendo las \u00faltimas tendencias y que utilice los materiales m\u00e1s resistentes y de una calidad insuperable?<span class=\"Apple-converted-space\">\u00a0<\/span><!--more--><\/p>\n<p class=\"p2\">Tener una agenda es fundamental para organizar nuestro d\u00eda a d\u00eda y no dejar pasar nada por alto. La utilizamos desde nuestra \u00e9poca escolar y universitaria, en la que anotamos los deberes que debemos realizar y las fechas de los ex\u00e1menes de cada asignatura, hasta la edad adulta y profesional, donde las reuniones y las tareas pendientes no pueden quedar en el olvido. Ya sea de enero a diciembre o de septiembre a junio, la agenda es todo un imprescindible en nuestras vidas si queremos mantener una planificaci\u00f3n acertada de ella.<span class=\"Apple-converted-space\">\u00a0<\/span><\/p>\n<p class=\"p2\">En el mercado actual encontramos una gran variedad de modelos con distintas caracter\u00edsticas y dise\u00f1os que se adaptan a las necesidades de los usuarios. Ya que nos va a acompa\u00f1ar durante todo un a\u00f1o, la agenda que elijamos debe resultarnos del todo pr\u00e1ctica y encajar con nuestro d\u00eda a d\u00eda, adem\u00e1s de con nuestro estilo personal. Lisa, estampada, con colores llamativos, cl\u00e1sicas, modernas, con espiral o sin \u00e9l, a d\u00eda por p\u00e1gina o a semana vista: t\u00fa decides c\u00f3mo quieres que sea tu agenda de este a\u00f1o.<\/p>\n<p class=\"p2\">Sea como sea la agenda que buscas, es importante que la adquieras en una empresa profesional que garantice la m\u00e1xima calidad de todos sus productos. Se trata de algo que te va a acompa\u00f1ar durante todo un a\u00f1o, as\u00ed que resulta vital que resista el traqueteo del d\u00eda a d\u00eda y se mantenga en las mejores condiciones hasta que demos la bienvenida a una nueva en el a\u00f1o siguiente. Hoy te recomendamos Grupo Ingraf, f\u00e1brica de agendas<b>\u00a0<\/b>con m\u00e1s de 35 a\u00f1os de experiencia en la industria gr\u00e1fica y del papel que dispone de la \u00faltima tecnolog\u00eda del sector y con personal altamente cualificado que garantizan la m\u00e1xima calidad de cada uno de los productos que ponen a disposici\u00f3n de sus clientes.<span class=\"Apple-converted-space\">\u00a0<\/span><\/p>\n<p class=\"p2\">Ya lo sabes, si est\u00e1s buscando una empresa profesional en la que confiar para comprar la agenda del a\u00f1o y organizarte mejor, contacta con Grupo Ingraf. Puedes adquirir sus productos a trav\u00e9s de su p\u00e1gina web y recibirla donde desees a precios asequibles, todo son facilidades.<span class=\"Apple-converted-space\">\u00a0<\/span><\/p>\n","protected":false},"excerpt":{"rendered":"<p>Empresas que venden y crean agendas hay muchas en el mercado actual, pero \u00bfc\u00f3mo encontrar una distribuidora y f\u00e1brica de agendas\u00a0de confianza, que actualice sus productos siguiendo las \u00faltimas tendencias y que utilice los materiales m\u00e1s resistentes y de una calidad insuperable?\u00a0<\/p>\n","protected":false},"author":1,"featured_media":4760,"comment_status":"closed","ping_status":"closed","sticky":false,"template":"","format":"standard","meta":{"footnotes":""},"categories":[1],"tags":[],"class_list":["post-4759","post","type-post","status-publish","format-standard","has-post-thumbnail","hentry","category-sin-categoria"],"_links":{"self":[{"href":"https:\/\/www.opt-media.net\/blog\/wp-json\/wp\/v2\/posts\/4759","targetHints":{"allow":["GET"]}}],"collection":[{"href":"https:\/\/www.opt-media.net\/blog\/wp-json\/wp\/v2\/posts"}],"about":[{"href":"https:\/\/www.opt-media.net\/blog\/wp-json\/wp\/v2\/types\/post"}],"author":[{"embeddable":true,"href":"https:\/\/www.opt-media.net\/blog\/wp-json\/wp\/v2\/users\/1"}],"replies":[{"embeddable":true,"href":"https:\/\/www.opt-media.net\/blog\/wp-json\/wp\/v2\/comments?post=4759"}],"version-history":[{"count":3,"href":"https:\/\/www.opt-media.net\/blog\/wp-json\/wp\/v2\/posts\/4759\/revisions"}],"predecessor-version":[{"id":5812,"href":"https:\/\/www.opt-media.net\/blog\/wp-json\/wp\/v2\/posts\/4759\/revisions\/5812"}],"wp:featuredmedia":[{"embeddable":true,"href":"https:\/\/www.opt-media.net\/blog\/wp-json\/wp\/v2\/media\/4760"}],"wp:attachment":[{"href":"https:\/\/www.opt-media.net\/blog\/wp-json\/wp\/v2\/media?parent=4759"}],"wp:term":[{"taxonomy":"category","embeddable":true,"href":"https:\/\/www.opt-media.net\/blog\/wp-json\/wp\/v2\/categories?post=4759"},{"taxonomy":"post_tag","embeddable":true,"href":"https:\/\/www.opt-media.net\/blog\/wp-json\/wp\/v2\/tags?post=4759"}],"curies":[{"name":"wp","href":"https:\/\/api.w.org\/{rel}","templated":true}]}}