{"id":4781,"date":"2018-02-13T11:06:21","date_gmt":"2018-02-13T09:06:21","guid":{"rendered":"http:\/\/www.opt-media.net\/blog\/?p=4781"},"modified":"2022-03-28T09:41:08","modified_gmt":"2022-03-28T07:41:08","slug":"comprar-una-agenda-organizar-ano","status":"publish","type":"post","link":"https:\/\/www.opt-media.net\/blog\/comprar-una-agenda-organizar-ano\/","title":{"rendered":"Comprar una agenda para organizar el a\u00f1o"},"content":{"rendered":"<p>Llevar a cabo todas las tareas y quehaceres de nuestro d\u00eda a d\u00eda es complicado si no sabemos organizarnos como es debido. Si sois de los que llev\u00e1is las manos llenas de anotaciones a boli, o de los que olvid\u00e1is la cita del m\u00e9dico, en Opt Media tenemos la soluci\u00f3n para vosotros: comprar una agenda\u00a0.Y si puede ser de la mano de una empresa profesional como Grupo Ingraf que os proporcione calidad y dise\u00f1o, mucho mejor.<br \/>\nLas agendas est\u00e1n en nuestras vidas desde mucho antes de lo que imaginamos, y su historia est\u00e1 estrictamente ligada a la aparici\u00f3n del calendario.<!--more--><\/p>\n<p>Gracias a ellas podemos anotar cada una de nuestras citas del d\u00eda, del mes y del a\u00f1o, as\u00ed como todos los recordatorios importantes y los pensamientos que nos vayan surgiendo a lo largo de la jornada, sean o no imprescindibles. Las utilizan tanto los m\u00e1s peque\u00f1os para apuntar fechas de ex\u00e1menes y los deberes que ordenan los profesores como los m\u00e1s mayores para no olvidar absolutamente nada: las agendas son, sin lugar a dudas, elementos indispensables en nuestro d\u00eda a d\u00eda.<\/p>\n<p>Si todav\u00eda no ten\u00e9is una, ten\u00e9is que ir en su b\u00fasqueda cuanto antes y empezar\u00e9is a organizaros de una manera mucho m\u00e1s planificada y sin perder tiempo. Ya que os acompa\u00f1ar\u00e1 durante todo el a\u00f1o, es fundamental que compr\u00e9is una fabricada con materiales de calidad y que no se estropeen con el paso del tiempo y el traqueteo del d\u00eda a d\u00eda, adem\u00e1s de que escoj\u00e1is aquella que tenga el dise\u00f1o m\u00e1s acorde a vosotros para que os sint\u00e1is c\u00f3modos llev\u00e1ndola al trabajo, a la Universidad o a la compra.<\/p>\n<h2>Grupo Ingraf os ayuda a organizaros<\/h2>\n<p>Desde Opt Media os recomendamos que si quer\u00e9is disfrutar de una buena agenda, confi\u00e9is en Grupo Ingraf. Ingraf naci\u00f3 en el a\u00f1o 1981 especializ\u00e1ndose en las industrias gr\u00e1ficas y del papel, dise\u00f1ando productos de la m\u00e1s alta calidad que ayudaban a las personas a planificarse personal y profesionalmente. A\u00f1os despu\u00e9s, sus instalaciones superan los 4.000 metros cuadrados y disponen de la maquinaria m\u00e1s puntera del sector, lo que certifica las propiedades de sus productos.<\/p>\n<p>Comprar una agenda es una de las mejores cosas que pod\u00e9is hacer si quer\u00e9is organizar vuestro d\u00eda de la mejor manera posible. No podemos prometeros que ya no os olvidar\u00e9is de las citas del m\u00e9dico ni que dejar\u00e9is de tener las manos con apuntes, pero s\u00ed que ya no tendr\u00e9is excusa para ello.<\/p>\n","protected":false},"excerpt":{"rendered":"<p>Llevar a cabo todas las tareas y quehaceres de nuestro d\u00eda a d\u00eda es complicado si no sabemos organizarnos como es debido. Si sois de los que llev\u00e1is las manos llenas de anotaciones a boli, o de los que olvid\u00e1is la cita del m\u00e9dico, en Opt Media tenemos la soluci\u00f3n para vosotros: comprar una agenda\u00a0.Y [&hellip;]<\/p>\n","protected":false},"author":1,"featured_media":4746,"comment_status":"closed","ping_status":"closed","sticky":false,"template":"","format":"standard","meta":{"footnotes":""},"categories":[1],"tags":[166,168,167],"class_list":["post-4781","post","type-post","status-publish","format-standard","has-post-thumbnail","hentry","category-sin-categoria","tag-agendas","tag-comprar","tag-ingraf"],"_links":{"self":[{"href":"https:\/\/www.opt-media.net\/blog\/wp-json\/wp\/v2\/posts\/4781","targetHints":{"allow":["GET"]}}],"collection":[{"href":"https:\/\/www.opt-media.net\/blog\/wp-json\/wp\/v2\/posts"}],"about":[{"href":"https:\/\/www.opt-media.net\/blog\/wp-json\/wp\/v2\/types\/post"}],"author":[{"embeddable":true,"href":"https:\/\/www.opt-media.net\/blog\/wp-json\/wp\/v2\/users\/1"}],"replies":[{"embeddable":true,"href":"https:\/\/www.opt-media.net\/blog\/wp-json\/wp\/v2\/comments?post=4781"}],"version-history":[{"count":2,"href":"https:\/\/www.opt-media.net\/blog\/wp-json\/wp\/v2\/posts\/4781\/revisions"}],"predecessor-version":[{"id":5811,"href":"https:\/\/www.opt-media.net\/blog\/wp-json\/wp\/v2\/posts\/4781\/revisions\/5811"}],"wp:featuredmedia":[{"embeddable":true,"href":"https:\/\/www.opt-media.net\/blog\/wp-json\/wp\/v2\/media\/4746"}],"wp:attachment":[{"href":"https:\/\/www.opt-media.net\/blog\/wp-json\/wp\/v2\/media?parent=4781"}],"wp:term":[{"taxonomy":"category","embeddable":true,"href":"https:\/\/www.opt-media.net\/blog\/wp-json\/wp\/v2\/categories?post=4781"},{"taxonomy":"post_tag","embeddable":true,"href":"https:\/\/www.opt-media.net\/blog\/wp-json\/wp\/v2\/tags?post=4781"}],"curies":[{"name":"wp","href":"https:\/\/api.w.org\/{rel}","templated":true}]}}