{"id":4788,"date":"2018-02-13T13:14:53","date_gmt":"2018-02-13T11:14:53","guid":{"rendered":"http:\/\/www.opt-media.net\/blog\/?p=4788"},"modified":"2022-03-28T09:41:08","modified_gmt":"2022-03-28T07:41:08","slug":"crece-la-demanda-del-alquiler-guardamuebles-barcelona","status":"publish","type":"post","link":"https:\/\/www.opt-media.net\/blog\/crece-la-demanda-del-alquiler-guardamuebles-barcelona\/","title":{"rendered":"Crece la demanda del alquiler de guardamuebles en Barcelona"},"content":{"rendered":"<p style=\"text-align: left;\">Las empresas de <a href=\"https:\/\/www.mudanzasjackpinto.com\/noticias\/guardamuebles-barcelona-precios\"><strong>alquiler de guardamuebles en Barcelona <\/strong><\/a>como Jack Pinto han notado un aumento significativo de clientes que recurren a sus instalaciones para almacenar todos aquellos enseres que ya no tienen cabida en sus propiedades.<\/p>\n<p style=\"text-align: left;\"><!--more--><\/p>\n<p style=\"text-align: left;\">Tras un tiempo en que parec\u00eda que el negocio de los trasteros y los guardamuebles perd\u00eda poco a poco protagonismo, las necesidades de los usuarios actuales lo ha hecho resurgir de sus propias cenizas como el ave f\u00e9nix. En esta nueva era, adem\u00e1s, los consumidores han cambiado. Ya no predominan particulares que est\u00e1n en plena mudanza y necesitan un lugar en el que almacenar de forma temporal sus muebles, o que no tienen espacio para tantos objetos en su vivienda y recurren a un lugar externo para guardarlos con todas las seguridades. Cada vez son m\u00e1s los empresarios que, bien por los estragos de la situaci\u00f3n econ\u00f3mica del pa\u00eds, bien por su cambio de mentalidad tras ella, apuestan por este tipo de servicios para el d\u00eda a d\u00eda de sus negocios.<\/p>\n<p style=\"text-align: left;\">Los guardamuebles son el lugar id\u00f3neo para guardar todo el stock, la documentaci\u00f3n de la compa\u00f1\u00eda e incluso las herramientas de trabajo. La falta de espacio en las propiedades privadas, la facilidad de pago y el hecho de no disponer de un espacio exclusivo para el negocio parecen ser los tres motivos principales por los que el n\u00famero de profesionales que conf\u00eda en estos servicios se ha incrementado en los \u00faltimos a\u00f1os.<\/p>\n<p style=\"text-align: left;\"><a href=\"http:\/\/www.opt-media.net\/blog\/wp-content\/uploads\/2018\/02\/alquiler-guardamuebles-barcelona-precios.jpg\"><img loading=\"lazy\" decoding=\"async\" class=\"alignnone wp-image-4790 size-full\" title=\"alquiler guardamuebles barcelona precios\" src=\"http:\/\/www.opt-media.net\/blog\/wp-content\/uploads\/2018\/02\/alquiler-guardamuebles-barcelona-precios.jpg\" alt=\"alquiler guardamuebles barcelona precios\" width=\"802\" height=\"352\" srcset=\"https:\/\/www.opt-media.net\/blog\/wp-content\/uploads\/2018\/02\/alquiler-guardamuebles-barcelona-precios.jpg 802w, https:\/\/www.opt-media.net\/blog\/wp-content\/uploads\/2018\/02\/alquiler-guardamuebles-barcelona-precios-300x132.jpg 300w, https:\/\/www.opt-media.net\/blog\/wp-content\/uploads\/2018\/02\/alquiler-guardamuebles-barcelona-precios-768x337.jpg 768w, https:\/\/www.opt-media.net\/blog\/wp-content\/uploads\/2018\/02\/alquiler-guardamuebles-barcelona-precios-500x219.jpg 500w\" sizes=\"auto, (max-width: 802px) 100vw, 802px\" \/><\/a><\/p>\n<p style=\"text-align: left;\">La adaptabilidad de las empresas de alquiler de trasteros y guardamuebles y la satisfacci\u00f3n de los usuarios que los utilizan parecen indicar que este mercado continuar\u00e1 ganando adeptos, tanto particulares como profesionales. Ajustar sus servicios a la demanda de los clientes actuales es primordial para mantenerse en este competitivo mercado que tanto est\u00e1 creciendo en estos \u00faltimos a\u00f1os.<\/p>\n<p style=\"text-align: left;\">No importa con qu\u00e9 fin necesites recurrir a \u00e9l, si est\u00e1s interesado en el <strong>alquiler de guardamuebles en Barcelona<\/strong>, desde Opt Media te recomendamos que lo hagas en una empresa que se ajuste a tus peticiones y disponga de las instalaciones m\u00e1s adaptadas a ti y tus enseres personales o profesionales. M\u00e1s de 2000 m<sup>2 <\/sup>quedan a tu disposici\u00f3n en Jack Pinto. Contacta con ellos o ve a visitarlos a Travessera de les Corts 1, 2\u00ba 1\u00aa, si quieres saber m\u00e1s.<\/p>\n","protected":false},"excerpt":{"rendered":"<p>Las empresas de alquiler de guardamuebles en Barcelona como Jack Pinto han notado un aumento significativo de clientes que recurren a sus instalaciones para almacenar todos aquellos enseres que ya no tienen cabida en sus propiedades.<\/p>\n","protected":false},"author":1,"featured_media":4790,"comment_status":"closed","ping_status":"closed","sticky":false,"template":"","format":"standard","meta":{"footnotes":""},"categories":[3,1],"tags":[40,115,114],"class_list":["post-4788","post","type-post","status-publish","format-standard","has-post-thumbnail","hentry","category-noticias","category-sin-categoria","tag-barcelona","tag-guardamuebles","tag-mudanzas"],"_links":{"self":[{"href":"https:\/\/www.opt-media.net\/blog\/wp-json\/wp\/v2\/posts\/4788","targetHints":{"allow":["GET"]}}],"collection":[{"href":"https:\/\/www.opt-media.net\/blog\/wp-json\/wp\/v2\/posts"}],"about":[{"href":"https:\/\/www.opt-media.net\/blog\/wp-json\/wp\/v2\/types\/post"}],"author":[{"embeddable":true,"href":"https:\/\/www.opt-media.net\/blog\/wp-json\/wp\/v2\/users\/1"}],"replies":[{"embeddable":true,"href":"https:\/\/www.opt-media.net\/blog\/wp-json\/wp\/v2\/comments?post=4788"}],"version-history":[{"count":3,"href":"https:\/\/www.opt-media.net\/blog\/wp-json\/wp\/v2\/posts\/4788\/revisions"}],"predecessor-version":[{"id":6696,"href":"https:\/\/www.opt-media.net\/blog\/wp-json\/wp\/v2\/posts\/4788\/revisions\/6696"}],"wp:featuredmedia":[{"embeddable":true,"href":"https:\/\/www.opt-media.net\/blog\/wp-json\/wp\/v2\/media\/4790"}],"wp:attachment":[{"href":"https:\/\/www.opt-media.net\/blog\/wp-json\/wp\/v2\/media?parent=4788"}],"wp:term":[{"taxonomy":"category","embeddable":true,"href":"https:\/\/www.opt-media.net\/blog\/wp-json\/wp\/v2\/categories?post=4788"},{"taxonomy":"post_tag","embeddable":true,"href":"https:\/\/www.opt-media.net\/blog\/wp-json\/wp\/v2\/tags?post=4788"}],"curies":[{"name":"wp","href":"https:\/\/api.w.org\/{rel}","templated":true}]}}