{"id":970,"date":"2014-07-04T12:13:49","date_gmt":"2014-07-04T10:13:49","guid":{"rendered":"http:\/\/www.opt-media.net\/blog\/?p=970"},"modified":"2022-03-28T09:41:58","modified_gmt":"2022-03-28T07:41:58","slug":"matricula-abierta-inupel","status":"publish","type":"post","link":"https:\/\/www.opt-media.net\/blog\/matricula-abierta-inupel\/","title":{"rendered":"Matr\u00edcula abierta para los cursos FP de Inupel"},"content":{"rendered":"<p>Hacer de la vocaci\u00f3n una profesi\u00f3n, y de esta un estilo de vida. Este es el principio por el que se rige Inupel, <a title=\"escuela peluqueria valencia\" href=\"http:\/\/www.inupel.es\" target=\"_blank\">escuela de peluquer\u00eda en Valencia<\/a>, que mantiene abierto hasta el <strong>18 de julio<\/strong> el periodo de inscripci\u00f3n para sus diferentes cursos de:<\/p>\n<ul>\n<li>Ciclo de Grado Medio en Peluquer\u00eda (T\u00e9cnico en Peluquer\u00eda &amp; Cosm\u00e9tica Capilar)<\/li>\n<li>Ciclo de Grado Medio en Est\u00e9tica (T\u00e9cnico en Est\u00e9tica &amp; Belleza)<\/li>\n<li>Ciclo de Grado Superior en Est\u00e9tica<\/li>\n<\/ul>\n<p>Todos estos ciclos de\u00a0<a title=\"formacion profesional valencia\" href=\"http:\/\/www.inupel.es\/formacion-profesional\" target=\"_blank\">formaci\u00f3n profesional<\/a>,\u00a0incluyen <strong>matr\u00edcula gratuita<\/strong>, 2000 horas de duraci\u00f3n, titulaci\u00f3n oficial y formaci\u00f3n en centros de trabajo.<\/p>\n<p>Adem\u00e1s, ofrecen clases de <strong>iniciaci\u00f3n y perfeccionamiento<\/strong> tanto de peluquer\u00eda como de est\u00e9tica, as\u00ed como bolsa de empleo, y sus alumnos tienen la posibilidad de obtener becas del Ministerio de Educaci\u00f3n.<\/p>\n<p>Todo ello en una de las zonas mejor comunicadas en Valencia, muy cerca de la <strong>Estaci\u00f3 del Nord<\/strong> y las paradas de metro de Bail\u00e9n y Pla\u00e7a d&#8217;Espanya.<\/p>\n<p><iframe loading=\"lazy\" src=\"https:\/\/maps.google.com\/maps?f=q&amp;source=s_q&amp;hl=en&amp;geocode=&amp;q=Calle+San+Vicente+M%C3%A1rtir,+144+46007+VALENCIa+inupelk&amp;aq=&amp;sll=39.462907,-0.382355&amp;sspn=0.009865,0.017306&amp;g=Calle+San+Vicente+M%C3%A1rtir,+144+46007+VALENCIA,&amp;ie=UTF8&amp;hq=inupelk&amp;hnear=Calle+San+Vicente+M%C3%A1rtir,+144,+46007+Valencia,+Spain&amp;t=m&amp;cid=7254380707289943993&amp;ll=39.473703,-0.38023&amp;spn=0.023189,0.083256&amp;z=14&amp;iwloc=A&amp;output=embed\" height=\"330\" width=\"560\" frameborder=\"0\" marginwidth=\"0\" marginheight=\"0\" scrolling=\"no\"><\/iframe><\/p>\n","protected":false},"excerpt":{"rendered":"<p>Hacer de la vocaci\u00f3n una profesi\u00f3n, y de esta un estilo de vida. Este es el principio por el que se rige Inupel, escuela de peluquer\u00eda en Valencia, que mantiene abierto hasta el 18 de julio el periodo de inscripci\u00f3n para sus diferentes cursos de: Ciclo de Grado Medio en Peluquer\u00eda (T\u00e9cnico en Peluquer\u00eda &amp; [&hellip;]<\/p>\n","protected":false},"author":1,"featured_media":972,"comment_status":"closed","ping_status":"closed","sticky":false,"template":"","format":"standard","meta":{"footnotes":""},"categories":[3],"tags":[],"class_list":["post-970","post","type-post","status-publish","format-standard","has-post-thumbnail","hentry","category-noticias"],"_links":{"self":[{"href":"https:\/\/www.opt-media.net\/blog\/wp-json\/wp\/v2\/posts\/970","targetHints":{"allow":["GET"]}}],"collection":[{"href":"https:\/\/www.opt-media.net\/blog\/wp-json\/wp\/v2\/posts"}],"about":[{"href":"https:\/\/www.opt-media.net\/blog\/wp-json\/wp\/v2\/types\/post"}],"author":[{"embeddable":true,"href":"https:\/\/www.opt-media.net\/blog\/wp-json\/wp\/v2\/users\/1"}],"replies":[{"embeddable":true,"href":"https:\/\/www.opt-media.net\/blog\/wp-json\/wp\/v2\/comments?post=970"}],"version-history":[{"count":9,"href":"https:\/\/www.opt-media.net\/blog\/wp-json\/wp\/v2\/posts\/970\/revisions"}],"predecessor-version":[{"id":1001,"href":"https:\/\/www.opt-media.net\/blog\/wp-json\/wp\/v2\/posts\/970\/revisions\/1001"}],"wp:featuredmedia":[{"embeddable":true,"href":"https:\/\/www.opt-media.net\/blog\/wp-json\/wp\/v2\/media\/972"}],"wp:attachment":[{"href":"https:\/\/www.opt-media.net\/blog\/wp-json\/wp\/v2\/media?parent=970"}],"wp:term":[{"taxonomy":"category","embeddable":true,"href":"https:\/\/www.opt-media.net\/blog\/wp-json\/wp\/v2\/categories?post=970"},{"taxonomy":"post_tag","embeddable":true,"href":"https:\/\/www.opt-media.net\/blog\/wp-json\/wp\/v2\/tags?post=970"}],"curies":[{"name":"wp","href":"https:\/\/api.w.org\/{rel}","templated":true}]}}